{"id":1213,"date":"2024-03-14T19:50:02","date_gmt":"2024-03-14T23:50:02","guid":{"rendered":"https:\/\/reunionministerialecpa2024.mem.gob.do\/?p=1213"},"modified":"2024-03-15T09:54:39","modified_gmt":"2024-03-15T13:54:39","slug":"segunda-sesion-plenaria_acelerando-la-transicion-justa-hacia-la-energia-limpia-sostenible-y-renovable-en-las-americas","status":"publish","type":"post","link":"https:\/\/reunionministerialecpa2024.mem.gob.do\/en\/2024\/03\/14\/segunda-sesion-plenaria_acelerando-la-transicion-justa-hacia-la-energia-limpia-sostenible-y-renovable-en-las-americas\/","title":{"rendered":"14 de marzo | Segunda sesi\u00f3n plenaria_Acelerando la transici\u00f3n justa hacia la energ\u00eda limpia, sostenible y renovable en las Am\u00e9ricas"},"content":{"rendered":"<figure class=\"wp-block-image size-large\"><img loading=\"lazy\" decoding=\"async\" width=\"1024\" height=\"684\" src=\"\/wp-content\/uploads\/2024\/03\/DSC08348-1-1024x684.jpg\" alt=\"\" class=\"wp-image-1218\" srcset=\"\/wp-content\/uploads\/2024\/03\/DSC08348-1-1024x684.jpg 1024w, \/wp-content\/uploads\/2024\/03\/DSC08348-1-300x200.jpg 300w, \/wp-content\/uploads\/2024\/03\/DSC08348-1-768x513.jpg 768w, \/wp-content\/uploads\/2024\/03\/DSC08348-1-1536x1026.jpg 1536w, \/wp-content\/uploads\/2024\/03\/DSC08348-1-18x12.jpg 18w, \/wp-content\/uploads\/2024\/03\/DSC08348-1.jpg 2048w\" sizes=\"auto, (max-width: 1024px) 100vw, 1024px\" \/><\/figure>\n\n\n\n<figure class=\"wp-block-image size-large\"><img loading=\"lazy\" decoding=\"async\" width=\"1024\" height=\"684\" src=\"\/wp-content\/uploads\/2024\/03\/DSC08634-1024x684.jpg\" alt=\"\" class=\"wp-image-1217\" srcset=\"\/wp-content\/uploads\/2024\/03\/DSC08634-1024x684.jpg 1024w, \/wp-content\/uploads\/2024\/03\/DSC08634-300x200.jpg 300w, \/wp-content\/uploads\/2024\/03\/DSC08634-768x513.jpg 768w, \/wp-content\/uploads\/2024\/03\/DSC08634-1536x1026.jpg 1536w, \/wp-content\/uploads\/2024\/03\/DSC08634-18x12.jpg 18w, \/wp-content\/uploads\/2024\/03\/DSC08634.jpg 2048w\" sizes=\"auto, (max-width: 1024px) 100vw, 1024px\" \/><\/figure>\n\n\n\n<figure class=\"wp-block-image size-large\"><img loading=\"lazy\" decoding=\"async\" width=\"1024\" height=\"684\" src=\"\/wp-content\/uploads\/2024\/03\/DSC08683-1024x684.jpg\" alt=\"\" class=\"wp-image-1216\" srcset=\"\/wp-content\/uploads\/2024\/03\/DSC08683-1024x684.jpg 1024w, \/wp-content\/uploads\/2024\/03\/DSC08683-300x200.jpg 300w, \/wp-content\/uploads\/2024\/03\/DSC08683-768x513.jpg 768w, \/wp-content\/uploads\/2024\/03\/DSC08683-1536x1026.jpg 1536w, \/wp-content\/uploads\/2024\/03\/DSC08683-18x12.jpg 18w, \/wp-content\/uploads\/2024\/03\/DSC08683.jpg 2048w\" sizes=\"auto, (max-width: 1024px) 100vw, 1024px\" \/><\/figure>\n\n\n\n<figure class=\"wp-block-image size-large\"><img loading=\"lazy\" decoding=\"async\" width=\"1024\" height=\"684\" src=\"\/wp-content\/uploads\/2024\/03\/DSC08732-1024x684.jpg\" alt=\"\" class=\"wp-image-1215\" srcset=\"\/wp-content\/uploads\/2024\/03\/DSC08732-1024x684.jpg 1024w, \/wp-content\/uploads\/2024\/03\/DSC08732-300x200.jpg 300w, \/wp-content\/uploads\/2024\/03\/DSC08732-768x513.jpg 768w, \/wp-content\/uploads\/2024\/03\/DSC08732-1536x1026.jpg 1536w, \/wp-content\/uploads\/2024\/03\/DSC08732-18x12.jpg 18w, \/wp-content\/uploads\/2024\/03\/DSC08732.jpg 2048w\" sizes=\"auto, (max-width: 1024px) 100vw, 1024px\" \/><\/figure>\n\n\n\n<figure class=\"wp-block-image size-large\"><img loading=\"lazy\" decoding=\"async\" width=\"1024\" height=\"684\" src=\"\/wp-content\/uploads\/2024\/03\/DSC08353-1024x684.jpg\" alt=\"\" class=\"wp-image-1214\" srcset=\"\/wp-content\/uploads\/2024\/03\/DSC08353-1024x684.jpg 1024w, \/wp-content\/uploads\/2024\/03\/DSC08353-300x200.jpg 300w, \/wp-content\/uploads\/2024\/03\/DSC08353-768x513.jpg 768w, \/wp-content\/uploads\/2024\/03\/DSC08353-1536x1026.jpg 1536w, \/wp-content\/uploads\/2024\/03\/DSC08353-18x12.jpg 18w, \/wp-content\/uploads\/2024\/03\/DSC08353.jpg 2048w\" sizes=\"auto, (max-width: 1024px) 100vw, 1024px\" \/><\/figure>","protected":false},"excerpt":{"rendered":"","protected":false},"author":4,"featured_media":0,"comment_status":"open","ping_status":"open","sticky":false,"template":"","format":"standard","meta":{"_uag_custom_page_level_css":"","site-container-style":"default","site-container-layout":"default","site-sidebar-layout":"default","disable-article-header":"default","disable-site-header":"default","disable-site-footer":"default","disable-content-area-spacing":"default","footnotes":""},"categories":[14],"tags":[],"class_list":["post-1213","post","type-post","status-publish","format-standard","hentry","category-galeria-de-imagenes"],"uagb_featured_image_src":{"full":false,"thumbnail":false,"medium":false,"medium_large":false,"large":false,"1536x1536":false,"2048x2048":false,"trp-custom-language-flag":false},"uagb_author_info":{"display_name":"Engels Roman","author_link":"https:\/\/reunionministerialecpa2024.mem.gob.do\/en\/author\/engels-roman\/"},"uagb_comment_info":1,"uagb_excerpt":null,"_links":{"self":[{"href":"https:\/\/reunionministerialecpa2024.mem.gob.do\/en\/wp-json\/wp\/v2\/posts\/1213","targetHints":{"allow":["GET"]}}],"collection":[{"href":"https:\/\/reunionministerialecpa2024.mem.gob.do\/en\/wp-json\/wp\/v2\/posts"}],"about":[{"href":"https:\/\/reunionministerialecpa2024.mem.gob.do\/en\/wp-json\/wp\/v2\/types\/post"}],"author":[{"embeddable":true,"href":"https:\/\/reunionministerialecpa2024.mem.gob.do\/en\/wp-json\/wp\/v2\/users\/4"}],"replies":[{"embeddable":true,"href":"https:\/\/reunionministerialecpa2024.mem.gob.do\/en\/wp-json\/wp\/v2\/comments?post=1213"}],"version-history":[{"count":2,"href":"https:\/\/reunionministerialecpa2024.mem.gob.do\/en\/wp-json\/wp\/v2\/posts\/1213\/revisions"}],"predecessor-version":[{"id":1226,"href":"https:\/\/reunionministerialecpa2024.mem.gob.do\/en\/wp-json\/wp\/v2\/posts\/1213\/revisions\/1226"}],"wp:attachment":[{"href":"https:\/\/reunionministerialecpa2024.mem.gob.do\/en\/wp-json\/wp\/v2\/media?parent=1213"}],"wp:term":[{"taxonomy":"category","embeddable":true,"href":"https:\/\/reunionministerialecpa2024.mem.gob.do\/en\/wp-json\/wp\/v2\/categories?post=1213"},{"taxonomy":"post_tag","embeddable":true,"href":"https:\/\/reunionministerialecpa2024.mem.gob.do\/en\/wp-json\/wp\/v2\/tags?post=1213"}],"curies":[{"name":"wp","href":"https:\/\/api.w.org\/{rel}","templated":true}]}}